{"id":1244,"date":"2014-06-27T15:56:18","date_gmt":"2014-06-27T15:56:18","guid":{"rendered":"https:\/\/www.angle-vivant.net\/claireceira\/?p=1244"},"modified":"2014-06-27T16:01:36","modified_gmt":"2014-06-27T16:01:36","slug":"fluo","status":"publish","type":"post","link":"https:\/\/www.angle-vivant.net\/claireceira\/fluo\/","title":{"rendered":"fluo"},"content":{"rendered":"<p>Je suis mon trajet quotidien : avenues, ronds-points, petites maisons de guingois, l\u2019auto-radio allum\u00e9 avec Kid A  et ses \u00e9tranges trames, pens\u00e9es qui marmonnent, vague irritation. Ce matin le ciel est blanc, mais irradie d\u2019un soleil dissimul\u00e9, perle suspendue.<br \/>\nDans la file des voitures qui me pr\u00e9c\u00e8dent, je remarque au loin une barre de toit au bleu violet si improbable que je me demande s\u2019il s\u2019agit d\u2019un accessoire lumineux. Et j\u2019ai beau me rapprocher, il est tout \u00e0 fait impossible d\u2019\u00eatre s\u00fbre : couleur ou fluorescence ? Je ne la rattrape pas. Mais, du coup, je suis aimant\u00e9e par ces couleurs\u2026. la jeune fille en imperm\u00e9able beige, tr\u00e8s brune, aux chaussures d\u2019un rose si vif qu\u2019on ne voit qu\u2019elles : deux pieds qui trottent sur le bitume, devant la grisaille des murs\u2026.le vert magique, dor\u00e9 des euphorbes nouvelles, accroch\u00e9es aux talus.<br \/>\nEn arrivant au travail, ouvrant la porti\u00e8re, p\u00e9n\u00e8tre une suave odeur de fleurs. Je cherche.<br \/>\nL\u00e0-bas, sur l\u2019auvent en plastique d\u2019un petit pavillon, une glycine est en tout d\u00e9but de floraison, h\u00e9sitant entre le gris et un mauve translucide de f\u00e9e\u2026.le printemps m\u00e9diterran\u00e9en.<\/p>\n","protected":false},"excerpt":{"rendered":"<p>Je suis mon trajet quotidien : avenues, ronds-points, petites maisons de guingois, l\u2019auto-radio allum\u00e9 avec Kid A et ses \u00e9tranges trames, pens\u00e9es qui marmonnent, vague irritation. Ce matin le ciel est blanc, mais irradie d\u2019un soleil dissimul\u00e9, perle suspendue. Dans (&hellip;)<\/p>\n<p><a href=\"https:\/\/www.angle-vivant.net\/claireceira\/fluo\/\">Read the rest of this entry &raquo;<\/a><\/p>\n","protected":false},"author":1,"featured_media":0,"comment_status":"open","ping_status":"closed","sticky":false,"template":"","format":"standard","meta":{"footnotes":""},"categories":[1],"tags":[],"class_list":["post-1244","post","type-post","status-publish","format-standard","hentry","category-non-classe"],"_links":{"self":[{"href":"https:\/\/www.angle-vivant.net\/claireceira\/wp-json\/wp\/v2\/posts\/1244","targetHints":{"allow":["GET"]}}],"collection":[{"href":"https:\/\/www.angle-vivant.net\/claireceira\/wp-json\/wp\/v2\/posts"}],"about":[{"href":"https:\/\/www.angle-vivant.net\/claireceira\/wp-json\/wp\/v2\/types\/post"}],"author":[{"embeddable":true,"href":"https:\/\/www.angle-vivant.net\/claireceira\/wp-json\/wp\/v2\/users\/1"}],"replies":[{"embeddable":true,"href":"https:\/\/www.angle-vivant.net\/claireceira\/wp-json\/wp\/v2\/comments?post=1244"}],"version-history":[{"count":3,"href":"https:\/\/www.angle-vivant.net\/claireceira\/wp-json\/wp\/v2\/posts\/1244\/revisions"}],"predecessor-version":[{"id":1287,"href":"https:\/\/www.angle-vivant.net\/claireceira\/wp-json\/wp\/v2\/posts\/1244\/revisions\/1287"}],"wp:attachment":[{"href":"https:\/\/www.angle-vivant.net\/claireceira\/wp-json\/wp\/v2\/media?parent=1244"}],"wp:term":[{"taxonomy":"category","embeddable":true,"href":"https:\/\/www.angle-vivant.net\/claireceira\/wp-json\/wp\/v2\/categories?post=1244"},{"taxonomy":"post_tag","embeddable":true,"href":"https:\/\/www.angle-vivant.net\/claireceira\/wp-json\/wp\/v2\/tags?post=1244"}],"curies":[{"name":"wp","href":"https:\/\/api.w.org\/{rel}","templated":true}]}}