{"id":1238,"date":"2014-01-29T07:48:28","date_gmt":"2014-01-29T07:48:28","guid":{"rendered":"https:\/\/www.angle-vivant.net\/claireceira\/?p=1238"},"modified":"2016-09-05T13:49:48","modified_gmt":"2016-09-05T13:49:48","slug":"la-nuit","status":"publish","type":"post","link":"https:\/\/www.angle-vivant.net\/claireceira\/la-nuit\/","title":{"rendered":"deux nuits.."},"content":{"rendered":"<p>dans la combe passe le chat<br \/>\nla lune est pleine<br \/>\nil est all\u00e9 d\u2019est en ouest et maintenant recourbe<br \/>\nle long de la ligne d\u2019arbres son chemin nocturne<br \/>\nil semble noir sur cette ombre ourl\u00e9e de feu p\u00e2le,<br \/>\npose ses pattes.<\/p>\n<p>et l\u00e0 aussi je suis,<br \/>\n mangeant des pistaches et regardant \u00ab\u00a0Faits divers\u00a0\u00bb, ce film de Raymond Depardon qui a trente ans<br \/>\n le regardant parler de son film, son visage lourd et honn\u00eate aux l\u00e8vres mouill\u00e9es, aux yeux clairs.<br \/>\n il parle des policiers, de ce qu&rsquo;ils ont craint de lui au d\u00e9part.<br \/>\n j&rsquo;\u00e9coute ce qu&rsquo;il dit d&rsquo;\u00eatre transparent pour voir<br \/>\n du micro extraordinaire qui lui a permis de mieux entendre.<br \/>\n et je l&rsquo;aime beaucoup, j&rsquo;aime ses images vides, de voyage.<\/p>\n<p> la lune aux trois quarts pleine<br \/>\n est \u00e0 la fen\u00eatre<br \/>\n si blanche, \u00e9tincelante.<br \/>\n elle r\u00e9pond au film elle r\u00e9pond \u00e0 la jeune femme morte, au code du Samu<br \/>\n charlie delta charlie.<br \/>\n et je pense encore \u00e0 tant d&rsquo;autres choses d&rsquo;autres paroles et \u00e0 d&rsquo;autres silences,<br \/>\n la vie si pleine, quand on se recule un peu,<br \/>\n si vide aussi.<\/p>\n","protected":false},"excerpt":{"rendered":"<p>dans la combe passe le chat la lune est pleine il est all\u00e9 d\u2019est en ouest et maintenant recourbe le long de la ligne d\u2019arbres son chemin nocturne il semble noir sur cette ombre ourl\u00e9e de feu p\u00e2le, pose ses (&hellip;)<\/p>\n<p><a href=\"https:\/\/www.angle-vivant.net\/claireceira\/la-nuit\/\">Read the rest of this entry &raquo;<\/a><\/p>\n","protected":false},"author":1,"featured_media":0,"comment_status":"open","ping_status":"closed","sticky":false,"template":"","format":"standard","meta":{"footnotes":""},"categories":[22],"tags":[],"class_list":["post-1238","post","type-post","status-publish","format-standard","hentry","category-la-voie-associative"],"_links":{"self":[{"href":"https:\/\/www.angle-vivant.net\/claireceira\/wp-json\/wp\/v2\/posts\/1238","targetHints":{"allow":["GET"]}}],"collection":[{"href":"https:\/\/www.angle-vivant.net\/claireceira\/wp-json\/wp\/v2\/posts"}],"about":[{"href":"https:\/\/www.angle-vivant.net\/claireceira\/wp-json\/wp\/v2\/types\/post"}],"author":[{"embeddable":true,"href":"https:\/\/www.angle-vivant.net\/claireceira\/wp-json\/wp\/v2\/users\/1"}],"replies":[{"embeddable":true,"href":"https:\/\/www.angle-vivant.net\/claireceira\/wp-json\/wp\/v2\/comments?post=1238"}],"version-history":[{"count":1,"href":"https:\/\/www.angle-vivant.net\/claireceira\/wp-json\/wp\/v2\/posts\/1238\/revisions"}],"predecessor-version":[{"id":2224,"href":"https:\/\/www.angle-vivant.net\/claireceira\/wp-json\/wp\/v2\/posts\/1238\/revisions\/2224"}],"wp:attachment":[{"href":"https:\/\/www.angle-vivant.net\/claireceira\/wp-json\/wp\/v2\/media?parent=1238"}],"wp:term":[{"taxonomy":"category","embeddable":true,"href":"https:\/\/www.angle-vivant.net\/claireceira\/wp-json\/wp\/v2\/categories?post=1238"},{"taxonomy":"post_tag","embeddable":true,"href":"https:\/\/www.angle-vivant.net\/claireceira\/wp-json\/wp\/v2\/tags?post=1238"}],"curies":[{"name":"wp","href":"https:\/\/api.w.org\/{rel}","templated":true}]}}