{"id":1182,"date":"2014-01-12T22:49:47","date_gmt":"2014-01-12T22:49:47","guid":{"rendered":"https:\/\/www.angle-vivant.net\/claireceira\/?p=1182"},"modified":"2016-09-05T13:52:18","modified_gmt":"2016-09-05T13:52:18","slug":"chant","status":"publish","type":"post","link":"https:\/\/www.angle-vivant.net\/claireceira\/chant\/","title":{"rendered":"chant"},"content":{"rendered":"<p>je ne quitterai jamais ce monde,<br \/>\nles grandes plaines de lumi\u00e8re rasante<br \/>\ndans l\u2019hiver commen\u00e7ant.<\/p>\n<p>o\u00f9 les arbres allongent leurs ombres<br \/>\nsi semblables \u00e0 eux &#8211; il n\u2019y aura pas de mort<br \/>\nl\u2019ombre se d\u00e9versera toujours sur le versant du talus<br \/>\net d\u00e9coupera la route en segments,<br \/>\nl\u2019ombre rampera dans les champs :<br \/>\ndouceur de sa couleur, douceur miell\u00e9e du soleil r\u00e9gnant.<\/p>\n<p>je roulerai toujours dans la proximit\u00e9 du canal<br \/>\nqui s\u2019approche et s\u2019\u00e9loigne, avec sa double dentelle dress\u00e9e<br \/>\nlignes d&rsquo;arbres nus de chaque c\u00f4t\u00e9 de l\u2019eau verte<br \/>\nla route est longue, d\u2019ouest en est<br \/>\ntraverse le sud.<\/p>\n<p>je suis tomb\u00e9e autrefois dans l\u2019eau de la mer ;<br \/>\nelle s\u2019est repli\u00e9e sur moi, chuinte encore, l\u00e0-bas o\u00f9 la chaleur garde ses poings serr\u00e9s<br \/>\nje n\u2019aime plus personne.<\/p>\n","protected":false},"excerpt":{"rendered":"<p>je ne quitterai jamais ce monde, les grandes plaines de lumi\u00e8re rasante dans l\u2019hiver commen\u00e7ant. o\u00f9 les arbres allongent leurs ombres si semblables \u00e0 eux &#8211; il n\u2019y aura pas de mort l\u2019ombre se d\u00e9versera toujours sur le versant du (&hellip;)<\/p>\n<p><a href=\"https:\/\/www.angle-vivant.net\/claireceira\/chant\/\">Read the rest of this entry &raquo;<\/a><\/p>\n","protected":false},"author":1,"featured_media":0,"comment_status":"open","ping_status":"closed","sticky":false,"template":"","format":"standard","meta":{"footnotes":""},"categories":[21],"tags":[],"class_list":["post-1182","post","type-post","status-publish","format-standard","hentry","category-mobilis-immobilis"],"_links":{"self":[{"href":"https:\/\/www.angle-vivant.net\/claireceira\/wp-json\/wp\/v2\/posts\/1182","targetHints":{"allow":["GET"]}}],"collection":[{"href":"https:\/\/www.angle-vivant.net\/claireceira\/wp-json\/wp\/v2\/posts"}],"about":[{"href":"https:\/\/www.angle-vivant.net\/claireceira\/wp-json\/wp\/v2\/types\/post"}],"author":[{"embeddable":true,"href":"https:\/\/www.angle-vivant.net\/claireceira\/wp-json\/wp\/v2\/users\/1"}],"replies":[{"embeddable":true,"href":"https:\/\/www.angle-vivant.net\/claireceira\/wp-json\/wp\/v2\/comments?post=1182"}],"version-history":[{"count":1,"href":"https:\/\/www.angle-vivant.net\/claireceira\/wp-json\/wp\/v2\/posts\/1182\/revisions"}],"predecessor-version":[{"id":2225,"href":"https:\/\/www.angle-vivant.net\/claireceira\/wp-json\/wp\/v2\/posts\/1182\/revisions\/2225"}],"wp:attachment":[{"href":"https:\/\/www.angle-vivant.net\/claireceira\/wp-json\/wp\/v2\/media?parent=1182"}],"wp:term":[{"taxonomy":"category","embeddable":true,"href":"https:\/\/www.angle-vivant.net\/claireceira\/wp-json\/wp\/v2\/categories?post=1182"},{"taxonomy":"post_tag","embeddable":true,"href":"https:\/\/www.angle-vivant.net\/claireceira\/wp-json\/wp\/v2\/tags?post=1182"}],"curies":[{"name":"wp","href":"https:\/\/api.w.org\/{rel}","templated":true}]}}