{"id":1056,"date":"2013-10-14T11:23:06","date_gmt":"2013-10-14T11:23:06","guid":{"rendered":"https:\/\/www.angle-vivant.net\/claireceira\/?p=1056"},"modified":"2018-10-27T16:03:08","modified_gmt":"2018-10-27T16:03:08","slug":"villegiature","status":"publish","type":"post","link":"https:\/\/www.angle-vivant.net\/claireceira\/villegiature\/","title":{"rendered":"une vill\u00e9giature"},"content":{"rendered":"<p>Je revois ce moment de repos<br \/>\nd\u2019une heure.<br \/>\nla bu\u00e9e sur les baies vitr\u00e9es, le fleuve invisible.<br \/>\nla grande pi\u00e8ce d\u00e9serte<br \/>\ndes gens &#8211; pourtant &#8211; derri\u00e8re un poteau.<br \/>\nQuelques mots, un regard qui part aux confins d\u2019un pays boueux et sauvage, r\u00eav\u00e9<br \/>\net l\u2019autre regard gris, comme les mouvements vagues d\u2019un poisson sous la glace<br \/>\nle th\u00e9 qui fume dans une tasse blanche.<\/p>\n<p>tous les verts, tous les gris qui s\u2019\u00e9taient rencontr\u00e9s<br \/>\nce jour-l\u00e0 sous la pluie douce mais d\u00e9termin\u00e9e<br \/>\ntoutes les formes d\u2019eau, vapeurs, coulures, lumi\u00e8res assourdies, transparences<br \/>\net flaques sur le chemin le long du fleuve lent et plat<br \/>\nsensations comme des doigts d\u2019enfant glissant sur le visage<br \/>\nentre les cheveux,<br \/>\ndans les v\u00eatements m\u00eame, alourdis.<\/p>\n<p>L\u2019impression d\u2019une fin de quelque chose, d\u2019une fin d\u2019apr\u00e8s-midi ou de soir\u00e9e, un peu comme un lit dans lequel on se glisse avec une grande attention \u00e0 la fatigue, aux muscles d\u00e9tendus, \u00e0 l\u2019obscurit\u00e9.<\/p>\n<p>comme une lame de temps consacr\u00e9 \u00e0 la libert\u00e9.<\/p>\n<p><img decoding=\"async\" src=\"http:\/\/farm6.staticflickr.com\/5540\/10267621004_315cb2b187_n.jpg\" alt=\"\" \/><\/p>\n","protected":false},"excerpt":{"rendered":"<p>Je revois ce moment de repos d\u2019une heure. la bu\u00e9e sur les baies vitr\u00e9es, le fleuve invisible. la grande pi\u00e8ce d\u00e9serte des gens &#8211; pourtant &#8211; derri\u00e8re un poteau. Quelques mots, un regard qui part aux confins d\u2019un pays boueux (&hellip;)<\/p>\n<p><a href=\"https:\/\/www.angle-vivant.net\/claireceira\/villegiature\/\">Read the rest of this entry &raquo;<\/a><\/p>\n","protected":false},"author":1,"featured_media":0,"comment_status":"open","ping_status":"closed","sticky":false,"template":"","format":"standard","meta":{"footnotes":""},"categories":[1],"tags":[],"class_list":["post-1056","post","type-post","status-publish","format-standard","hentry","category-non-classe"],"_links":{"self":[{"href":"https:\/\/www.angle-vivant.net\/claireceira\/wp-json\/wp\/v2\/posts\/1056","targetHints":{"allow":["GET"]}}],"collection":[{"href":"https:\/\/www.angle-vivant.net\/claireceira\/wp-json\/wp\/v2\/posts"}],"about":[{"href":"https:\/\/www.angle-vivant.net\/claireceira\/wp-json\/wp\/v2\/types\/post"}],"author":[{"embeddable":true,"href":"https:\/\/www.angle-vivant.net\/claireceira\/wp-json\/wp\/v2\/users\/1"}],"replies":[{"embeddable":true,"href":"https:\/\/www.angle-vivant.net\/claireceira\/wp-json\/wp\/v2\/comments?post=1056"}],"version-history":[{"count":5,"href":"https:\/\/www.angle-vivant.net\/claireceira\/wp-json\/wp\/v2\/posts\/1056\/revisions"}],"predecessor-version":[{"id":3194,"href":"https:\/\/www.angle-vivant.net\/claireceira\/wp-json\/wp\/v2\/posts\/1056\/revisions\/3194"}],"wp:attachment":[{"href":"https:\/\/www.angle-vivant.net\/claireceira\/wp-json\/wp\/v2\/media?parent=1056"}],"wp:term":[{"taxonomy":"category","embeddable":true,"href":"https:\/\/www.angle-vivant.net\/claireceira\/wp-json\/wp\/v2\/categories?post=1056"},{"taxonomy":"post_tag","embeddable":true,"href":"https:\/\/www.angle-vivant.net\/claireceira\/wp-json\/wp\/v2\/tags?post=1056"}],"curies":[{"name":"wp","href":"https:\/\/api.w.org\/{rel}","templated":true}]}}